{"id":12629,"date":"2025-08-04T16:05:29","date_gmt":"2025-08-04T14:05:29","guid":{"rendered":"https:\/\/bikersfestival.be\/yamaha-au-bikersfestival-decouvrez-admirez-et-testez-votre-moto-de-reve\/"},"modified":"2025-08-19T17:46:00","modified_gmt":"2025-08-19T15:46:00","slug":"yamaha-au-bikersfestival-decouvrez-admirez-et-testez-votre-moto-de-reve","status":"publish","type":"post","link":"https:\/\/bikersfestival.be\/nl\/yamaha-au-bikersfestival-decouvrez-admirez-et-testez-votre-moto-de-reve\/","title":{"rendered":"Yamaha op het Bikers\u2019Festival\u00a0\u2013\u00a0Ontdek, bewonder en beleef jouw droommotor"},"content":{"rendered":"\n<p><strong>Beste motorliefhebber,<\/strong><strong><\/strong><\/p>\n\n\n\n<p><strong>Tijdens het Bikers<\/strong><strong>\u2019<\/strong><strong>Festival krijg je de kans om de nieuwste Yamaha-motoren van dichtbij te ontdekken. Of je nu houdt van sportief bochtenwerk, lange toertochten, offroadavonturen of urban cruising: Yamaha heeft voor elk type rijder iets in petto.<\/strong><strong><\/strong><\/p>\n\n\n\n<p>Voor wie houdt van rauw rijplezier en directe feedback tussen machine en rijder, zijn de MT-modellen de ideale keuze.<\/p>\n\n\n\n<ul class=\"wp-block-list\">\n<li><strong>MT-09 Y-AMT &amp; MT-09 Y-AMT 35kW (A2)<\/strong><br>De combinatie van krachtige prestaties en Yamaha\u2019s geautomatiseerd schakelsysteem (Y-AMT). Ook beschikbaar in A2-versie, zonder in te boeten op karakter.<\/li>\n\n\n\n<li><strong>MT-07 Y-AMT &amp; MT-07 Y-AMT 35kW (A2)<\/strong><br>Licht, wendbaar en verrassend veelzijdig. Ideaal voor nieuwe rijders of ervaren motards die de essentie van motorrijden zoeken.<\/li>\n<\/ul>\n\n\n\n<p>Toercomfort en sportieve prestaties komen samen in Yamaha\u2019s Tracer-familie.<\/p>\n\n\n\n<ul class=\"wp-block-list\">\n<li><strong>Tracer 9 Y-AMT \/ GT \/ GT+<\/strong><br>Deze modellen bieden krachtige prestaties, rijcomfort en slimme technologie. Dankzij het Y-AMT-systeem wordt schakelen een naadloze ervaring, terwijl de GT+ daarbovenop voorzien is van geavanceerde rijhulpmiddelen voor extra veiligheid en controle.<\/li>\n<\/ul>\n\n\n\n<p>En voor wie benieuwd is naar de allernieuwste toevoegen aan het Sport Touring segment, kan de Tracer 7 GT komen bewonderen op de Yamaha stand!&nbsp;<\/p>\n\n\n\n<p>Yamaha\u2019s T\u00e9n\u00e9r\u00e9&nbsp;700 blijft de referentie onder avontuurlijke rijders die niet terugdeinzen voor een technisch stukje offroad.<\/p>\n\n\n\n<ul class=\"wp-block-list\">\n<li><strong>T\u00e9n\u00e9r\u00e9 700 \/ T\u00e9n\u00e9r\u00e9&nbsp;<\/strong><strong>700 Rally&nbsp;<\/strong><br>Van uitdagende trails tot wereldreizen, de T\u00e9n\u00e9r\u00e9-familie is ontworpen voor avontuur. Of je nu kiest voor de standaardversie of de sportieve Rally-editie: je stapt op een betrouwbare metgezel die klaar is voor elk terrein.<\/li>\n<\/ul>\n\n\n\n<p>Voor wie prestaties wil combineren met karakter en design.<\/p>\n\n\n\n<ul class=\"wp-block-list\">\n<li><strong>R9<\/strong><br>De nieuwste sportieve telg uit de R-serie. Snel, scherp en gebouwd voor rijders met een sportieve rijstijl.<\/li>\n\n\n\n<li><strong>XSR900 GP<\/strong><br>Een eerbetoon aan Yamaha\u2019s rijke GP-verleden, met moderne technologie en indrukwekkende prestaties. Een motor met persoonlijkheid.<\/li>\n<\/ul>\n\n\n\n<p>Ook in de stad heeft Yamaha een antwoord op mobiliteitsuitdagingen.<\/p>\n\n\n\n<ul class=\"wp-block-list\">\n<li><strong>TMAX Tech MAX<\/strong><br>De ultieme motorscooter, met luxe afwerking, sportieve prestaties en comfortabel rijgedrag.<\/li>\n\n\n\n<li><strong>XMAX 300 Tech MAX+<\/strong><br>Wendbaar, stijlvol en uitgerust met slimme technologie voor dagelijks woon-werkverkeer&nbsp;\u00e9n weekendritten.<\/li>\n<\/ul>\n\n\n\n<p><strong>Bezoek de Yamaha-stand op het Bikers<\/strong><strong>\u2019<\/strong><strong>Festival<\/strong><strong>&nbsp;in Spa-Francorchamps op 16 en 17 augustus!<\/strong><\/p>\n\n\n\n<p>Maak kennis met deze modellen, stel je vragen aan onze Yamaha-experts en laat je inspireren. Of je nu op zoek bent naar je volgende motor of gewoon wil bijblijven met de nieuwste ontwikkelingen, je bent van harte welkom.<\/p>\n\n\n\n<p>Wij hopen je daar te zien!<\/p>\n\n\n\n<p><\/p>\n","protected":false},"excerpt":{"rendered":"<p>Beste motorliefhebber, Tijdens het Bikers\u2019Festival krijg je de kans om de nieuwste Yamaha-motoren van dichtbij te ontdekken. Of je nu [&hellip;]<\/p>\n","protected":false},"author":2,"featured_media":12625,"comment_status":"closed","ping_status":"open","sticky":false,"template":"","format":"standard","meta":{"_acf_changed":false,"footnotes":""},"categories":[133],"tags":[],"class_list":["post-12629","post","type-post","status-publish","format-standard","has-post-thumbnail","hentry","category-edition-2025-nl"],"acf":{"vhrs":false,"show_group":false},"yoast_head":"<!-- This site is optimized with the Yoast SEO plugin v27.5 - https:\/\/yoast.com\/product\/yoast-seo-wordpress\/ -->\n<title>Yamaha op het Bikers\u2019Festival\u00a0\u2013\u00a0Ontdek, bewonder en beleef jouw droommotor - Bikers&#039;Festival<\/title>\n<meta name=\"robots\" content=\"index, follow, max-snippet:-1, max-image-preview:large, max-video-preview:-1\" \/>\n<link rel=\"canonical\" href=\"https:\/\/bikersfestival.be\/nl\/yamaha-au-bikersfestival-decouvrez-admirez-et-testez-votre-moto-de-reve\/\" \/>\n<meta property=\"og:locale\" content=\"nl_NL\" \/>\n<meta property=\"og:type\" content=\"article\" \/>\n<meta property=\"og:title\" content=\"Yamaha op het Bikers\u2019Festival\u00a0\u2013\u00a0Ontdek, bewonder en beleef jouw droommotor - Bikers&#039;Festival\" \/>\n<meta property=\"og:description\" content=\"Beste motorliefhebber, Tijdens het Bikers\u2019Festival krijg je de kans om de nieuwste Yamaha-motoren van dichtbij te ontdekken. Of je nu [&hellip;]\" \/>\n<meta property=\"og:url\" content=\"https:\/\/bikersfestival.be\/nl\/yamaha-au-bikersfestival-decouvrez-admirez-et-testez-votre-moto-de-reve\/\" \/>\n<meta property=\"og:site_name\" content=\"Bikers&#039;Festival\" \/>\n<meta property=\"article:published_time\" content=\"2025-08-04T14:05:29+00:00\" \/>\n<meta property=\"article:modified_time\" content=\"2025-08-19T15:46:00+00:00\" \/>\n<meta property=\"og:image\" content=\"https:\/\/bikersfestival.be\/wp-content\/uploads\/sites\/20\/Capture-decran-2025-08-19-a-16.04.42.png\" \/>\n\t<meta property=\"og:image:width\" content=\"552\" \/>\n\t<meta property=\"og:image:height\" content=\"412\" \/>\n\t<meta property=\"og:image:type\" content=\"image\/png\" \/>\n<meta name=\"author\" content=\"client\" \/>\n<meta name=\"twitter:card\" content=\"summary_large_image\" \/>\n<meta name=\"twitter:label1\" content=\"Geschreven door\" \/>\n\t<meta name=\"twitter:data1\" content=\"client\" \/>\n\t<meta name=\"twitter:label2\" content=\"Geschatte leestijd\" \/>\n\t<meta name=\"twitter:data2\" content=\"3 minuten\" \/>\n<script type=\"application\/ld+json\" class=\"yoast-schema-graph\">{\"@context\":\"https:\\\/\\\/schema.org\",\"@graph\":[{\"@type\":\"Article\",\"@id\":\"https:\\\/\\\/bikersfestival.be\\\/nl\\\/yamaha-au-bikersfestival-decouvrez-admirez-et-testez-votre-moto-de-reve\\\/#article\",\"isPartOf\":{\"@id\":\"https:\\\/\\\/bikersfestival.be\\\/nl\\\/yamaha-au-bikersfestival-decouvrez-admirez-et-testez-votre-moto-de-reve\\\/\"},\"author\":{\"name\":\"client\",\"@id\":\"https:\\\/\\\/bikersfestival.be\\\/#\\\/schema\\\/person\\\/f869f197289e6a86361c833c1d0d95b5\"},\"headline\":\"Yamaha op het Bikers\u2019Festival\u00a0\u2013\u00a0Ontdek, bewonder en beleef jouw droommotor\",\"datePublished\":\"2025-08-04T14:05:29+00:00\",\"dateModified\":\"2025-08-19T15:46:00+00:00\",\"mainEntityOfPage\":{\"@id\":\"https:\\\/\\\/bikersfestival.be\\\/nl\\\/yamaha-au-bikersfestival-decouvrez-admirez-et-testez-votre-moto-de-reve\\\/\"},\"wordCount\":403,\"image\":{\"@id\":\"https:\\\/\\\/bikersfestival.be\\\/nl\\\/yamaha-au-bikersfestival-decouvrez-admirez-et-testez-votre-moto-de-reve\\\/#primaryimage\"},\"thumbnailUrl\":\"https:\\\/\\\/bikersfestival.be\\\/wp-content\\\/uploads\\\/sites\\\/20\\\/Capture-decran-2025-08-19-a-16.04.42.png\",\"articleSection\":[\"Edition 2025\"],\"inLanguage\":\"nl-NL\"},{\"@type\":\"WebPage\",\"@id\":\"https:\\\/\\\/bikersfestival.be\\\/nl\\\/yamaha-au-bikersfestival-decouvrez-admirez-et-testez-votre-moto-de-reve\\\/\",\"url\":\"https:\\\/\\\/bikersfestival.be\\\/nl\\\/yamaha-au-bikersfestival-decouvrez-admirez-et-testez-votre-moto-de-reve\\\/\",\"name\":\"Yamaha op het Bikers\u2019Festival\u00a0\u2013\u00a0Ontdek, bewonder en beleef jouw droommotor - Bikers&#039;Festival\",\"isPartOf\":{\"@id\":\"https:\\\/\\\/bikersfestival.be\\\/#website\"},\"primaryImageOfPage\":{\"@id\":\"https:\\\/\\\/bikersfestival.be\\\/nl\\\/yamaha-au-bikersfestival-decouvrez-admirez-et-testez-votre-moto-de-reve\\\/#primaryimage\"},\"image\":{\"@id\":\"https:\\\/\\\/bikersfestival.be\\\/nl\\\/yamaha-au-bikersfestival-decouvrez-admirez-et-testez-votre-moto-de-reve\\\/#primaryimage\"},\"thumbnailUrl\":\"https:\\\/\\\/bikersfestival.be\\\/wp-content\\\/uploads\\\/sites\\\/20\\\/Capture-decran-2025-08-19-a-16.04.42.png\",\"datePublished\":\"2025-08-04T14:05:29+00:00\",\"dateModified\":\"2025-08-19T15:46:00+00:00\",\"author\":{\"@id\":\"https:\\\/\\\/bikersfestival.be\\\/#\\\/schema\\\/person\\\/f869f197289e6a86361c833c1d0d95b5\"},\"breadcrumb\":{\"@id\":\"https:\\\/\\\/bikersfestival.be\\\/nl\\\/yamaha-au-bikersfestival-decouvrez-admirez-et-testez-votre-moto-de-reve\\\/#breadcrumb\"},\"inLanguage\":\"nl-NL\",\"potentialAction\":[{\"@type\":\"ReadAction\",\"target\":[\"https:\\\/\\\/bikersfestival.be\\\/nl\\\/yamaha-au-bikersfestival-decouvrez-admirez-et-testez-votre-moto-de-reve\\\/\"]}]},{\"@type\":\"ImageObject\",\"inLanguage\":\"nl-NL\",\"@id\":\"https:\\\/\\\/bikersfestival.be\\\/nl\\\/yamaha-au-bikersfestival-decouvrez-admirez-et-testez-votre-moto-de-reve\\\/#primaryimage\",\"url\":\"https:\\\/\\\/bikersfestival.be\\\/wp-content\\\/uploads\\\/sites\\\/20\\\/Capture-decran-2025-08-19-a-16.04.42.png\",\"contentUrl\":\"https:\\\/\\\/bikersfestival.be\\\/wp-content\\\/uploads\\\/sites\\\/20\\\/Capture-decran-2025-08-19-a-16.04.42.png\",\"width\":552,\"height\":412},{\"@type\":\"BreadcrumbList\",\"@id\":\"https:\\\/\\\/bikersfestival.be\\\/nl\\\/yamaha-au-bikersfestival-decouvrez-admirez-et-testez-votre-moto-de-reve\\\/#breadcrumb\",\"itemListElement\":[{\"@type\":\"ListItem\",\"position\":1,\"name\":\"Accueil\",\"item\":\"https:\\\/\\\/bikersfestival.be\\\/nl\\\/\"},{\"@type\":\"ListItem\",\"position\":2,\"name\":\"Yamaha op het Bikers\u2019Festival\u00a0\u2013\u00a0Ontdek, bewonder en beleef jouw droommotor\"}]},{\"@type\":\"WebSite\",\"@id\":\"https:\\\/\\\/bikersfestival.be\\\/#website\",\"url\":\"https:\\\/\\\/bikersfestival.be\\\/\",\"name\":\"Bikers&#039;Festival\",\"description\":\"\",\"potentialAction\":[{\"@type\":\"SearchAction\",\"target\":{\"@type\":\"EntryPoint\",\"urlTemplate\":\"https:\\\/\\\/bikersfestival.be\\\/?s={search_term_string}\"},\"query-input\":{\"@type\":\"PropertyValueSpecification\",\"valueRequired\":true,\"valueName\":\"search_term_string\"}}],\"inLanguage\":\"nl-NL\"},{\"@type\":\"Person\",\"@id\":\"https:\\\/\\\/bikersfestival.be\\\/#\\\/schema\\\/person\\\/f869f197289e6a86361c833c1d0d95b5\",\"name\":\"client\",\"image\":{\"@type\":\"ImageObject\",\"inLanguage\":\"nl-NL\",\"@id\":\"https:\\\/\\\/secure.gravatar.com\\\/avatar\\\/d0de661745071daff296a69510a88dd6ff40167a4a7f4158f09a3680fab567f6?s=96&d=mm&r=g\",\"url\":\"https:\\\/\\\/secure.gravatar.com\\\/avatar\\\/d0de661745071daff296a69510a88dd6ff40167a4a7f4158f09a3680fab567f6?s=96&d=mm&r=g\",\"contentUrl\":\"https:\\\/\\\/secure.gravatar.com\\\/avatar\\\/d0de661745071daff296a69510a88dd6ff40167a4a7f4158f09a3680fab567f6?s=96&d=mm&r=g\",\"caption\":\"client\"}}]}<\/script>\n<!-- \/ Yoast SEO plugin. -->","yoast_head_json":{"title":"Yamaha op het Bikers\u2019Festival\u00a0\u2013\u00a0Ontdek, bewonder en beleef jouw droommotor - Bikers&#039;Festival","robots":{"index":"index","follow":"follow","max-snippet":"max-snippet:-1","max-image-preview":"max-image-preview:large","max-video-preview":"max-video-preview:-1"},"canonical":"https:\/\/bikersfestival.be\/nl\/yamaha-au-bikersfestival-decouvrez-admirez-et-testez-votre-moto-de-reve\/","og_locale":"nl_NL","og_type":"article","og_title":"Yamaha op het Bikers\u2019Festival\u00a0\u2013\u00a0Ontdek, bewonder en beleef jouw droommotor - Bikers&#039;Festival","og_description":"Beste motorliefhebber, Tijdens het Bikers\u2019Festival krijg je de kans om de nieuwste Yamaha-motoren van dichtbij te ontdekken. Of je nu [&hellip;]","og_url":"https:\/\/bikersfestival.be\/nl\/yamaha-au-bikersfestival-decouvrez-admirez-et-testez-votre-moto-de-reve\/","og_site_name":"Bikers&#039;Festival","article_published_time":"2025-08-04T14:05:29+00:00","article_modified_time":"2025-08-19T15:46:00+00:00","og_image":[{"width":552,"height":412,"url":"https:\/\/bikersfestival.be\/wp-content\/uploads\/sites\/20\/Capture-decran-2025-08-19-a-16.04.42.png","type":"image\/png"}],"author":"client","twitter_card":"summary_large_image","twitter_misc":{"Geschreven door":"client","Geschatte leestijd":"3 minuten"},"schema":{"@context":"https:\/\/schema.org","@graph":[{"@type":"Article","@id":"https:\/\/bikersfestival.be\/nl\/yamaha-au-bikersfestival-decouvrez-admirez-et-testez-votre-moto-de-reve\/#article","isPartOf":{"@id":"https:\/\/bikersfestival.be\/nl\/yamaha-au-bikersfestival-decouvrez-admirez-et-testez-votre-moto-de-reve\/"},"author":{"name":"client","@id":"https:\/\/bikersfestival.be\/#\/schema\/person\/f869f197289e6a86361c833c1d0d95b5"},"headline":"Yamaha op het Bikers\u2019Festival\u00a0\u2013\u00a0Ontdek, bewonder en beleef jouw droommotor","datePublished":"2025-08-04T14:05:29+00:00","dateModified":"2025-08-19T15:46:00+00:00","mainEntityOfPage":{"@id":"https:\/\/bikersfestival.be\/nl\/yamaha-au-bikersfestival-decouvrez-admirez-et-testez-votre-moto-de-reve\/"},"wordCount":403,"image":{"@id":"https:\/\/bikersfestival.be\/nl\/yamaha-au-bikersfestival-decouvrez-admirez-et-testez-votre-moto-de-reve\/#primaryimage"},"thumbnailUrl":"https:\/\/bikersfestival.be\/wp-content\/uploads\/sites\/20\/Capture-decran-2025-08-19-a-16.04.42.png","articleSection":["Edition 2025"],"inLanguage":"nl-NL"},{"@type":"WebPage","@id":"https:\/\/bikersfestival.be\/nl\/yamaha-au-bikersfestival-decouvrez-admirez-et-testez-votre-moto-de-reve\/","url":"https:\/\/bikersfestival.be\/nl\/yamaha-au-bikersfestival-decouvrez-admirez-et-testez-votre-moto-de-reve\/","name":"Yamaha op het Bikers\u2019Festival\u00a0\u2013\u00a0Ontdek, bewonder en beleef jouw droommotor - Bikers&#039;Festival","isPartOf":{"@id":"https:\/\/bikersfestival.be\/#website"},"primaryImageOfPage":{"@id":"https:\/\/bikersfestival.be\/nl\/yamaha-au-bikersfestival-decouvrez-admirez-et-testez-votre-moto-de-reve\/#primaryimage"},"image":{"@id":"https:\/\/bikersfestival.be\/nl\/yamaha-au-bikersfestival-decouvrez-admirez-et-testez-votre-moto-de-reve\/#primaryimage"},"thumbnailUrl":"https:\/\/bikersfestival.be\/wp-content\/uploads\/sites\/20\/Capture-decran-2025-08-19-a-16.04.42.png","datePublished":"2025-08-04T14:05:29+00:00","dateModified":"2025-08-19T15:46:00+00:00","author":{"@id":"https:\/\/bikersfestival.be\/#\/schema\/person\/f869f197289e6a86361c833c1d0d95b5"},"breadcrumb":{"@id":"https:\/\/bikersfestival.be\/nl\/yamaha-au-bikersfestival-decouvrez-admirez-et-testez-votre-moto-de-reve\/#breadcrumb"},"inLanguage":"nl-NL","potentialAction":[{"@type":"ReadAction","target":["https:\/\/bikersfestival.be\/nl\/yamaha-au-bikersfestival-decouvrez-admirez-et-testez-votre-moto-de-reve\/"]}]},{"@type":"ImageObject","inLanguage":"nl-NL","@id":"https:\/\/bikersfestival.be\/nl\/yamaha-au-bikersfestival-decouvrez-admirez-et-testez-votre-moto-de-reve\/#primaryimage","url":"https:\/\/bikersfestival.be\/wp-content\/uploads\/sites\/20\/Capture-decran-2025-08-19-a-16.04.42.png","contentUrl":"https:\/\/bikersfestival.be\/wp-content\/uploads\/sites\/20\/Capture-decran-2025-08-19-a-16.04.42.png","width":552,"height":412},{"@type":"BreadcrumbList","@id":"https:\/\/bikersfestival.be\/nl\/yamaha-au-bikersfestival-decouvrez-admirez-et-testez-votre-moto-de-reve\/#breadcrumb","itemListElement":[{"@type":"ListItem","position":1,"name":"Accueil","item":"https:\/\/bikersfestival.be\/nl\/"},{"@type":"ListItem","position":2,"name":"Yamaha op het Bikers\u2019Festival\u00a0\u2013\u00a0Ontdek, bewonder en beleef jouw droommotor"}]},{"@type":"WebSite","@id":"https:\/\/bikersfestival.be\/#website","url":"https:\/\/bikersfestival.be\/","name":"Bikers&#039;Festival","description":"","potentialAction":[{"@type":"SearchAction","target":{"@type":"EntryPoint","urlTemplate":"https:\/\/bikersfestival.be\/?s={search_term_string}"},"query-input":{"@type":"PropertyValueSpecification","valueRequired":true,"valueName":"search_term_string"}}],"inLanguage":"nl-NL"},{"@type":"Person","@id":"https:\/\/bikersfestival.be\/#\/schema\/person\/f869f197289e6a86361c833c1d0d95b5","name":"client","image":{"@type":"ImageObject","inLanguage":"nl-NL","@id":"https:\/\/secure.gravatar.com\/avatar\/d0de661745071daff296a69510a88dd6ff40167a4a7f4158f09a3680fab567f6?s=96&d=mm&r=g","url":"https:\/\/secure.gravatar.com\/avatar\/d0de661745071daff296a69510a88dd6ff40167a4a7f4158f09a3680fab567f6?s=96&d=mm&r=g","contentUrl":"https:\/\/secure.gravatar.com\/avatar\/d0de661745071daff296a69510a88dd6ff40167a4a7f4158f09a3680fab567f6?s=96&d=mm&r=g","caption":"client"}}]}},"_links":{"self":[{"href":"https:\/\/bikersfestival.be\/nl\/wp-json\/wp\/v2\/posts\/12629","targetHints":{"allow":["GET"]}}],"collection":[{"href":"https:\/\/bikersfestival.be\/nl\/wp-json\/wp\/v2\/posts"}],"about":[{"href":"https:\/\/bikersfestival.be\/nl\/wp-json\/wp\/v2\/types\/post"}],"author":[{"embeddable":true,"href":"https:\/\/bikersfestival.be\/nl\/wp-json\/wp\/v2\/users\/2"}],"replies":[{"embeddable":true,"href":"https:\/\/bikersfestival.be\/nl\/wp-json\/wp\/v2\/comments?post=12629"}],"version-history":[{"count":0,"href":"https:\/\/bikersfestival.be\/nl\/wp-json\/wp\/v2\/posts\/12629\/revisions"}],"wp:featuredmedia":[{"embeddable":true,"href":"https:\/\/bikersfestival.be\/nl\/wp-json\/wp\/v2\/media\/12625"}],"wp:attachment":[{"href":"https:\/\/bikersfestival.be\/nl\/wp-json\/wp\/v2\/media?parent=12629"}],"wp:term":[{"taxonomy":"category","embeddable":true,"href":"https:\/\/bikersfestival.be\/nl\/wp-json\/wp\/v2\/categories?post=12629"},{"taxonomy":"post_tag","embeddable":true,"href":"https:\/\/bikersfestival.be\/nl\/wp-json\/wp\/v2\/tags?post=12629"}],"curies":[{"name":"wp","href":"https:\/\/api.w.org\/{rel}","templated":true}]}}