{"id":12688,"date":"2025-08-10T16:37:30","date_gmt":"2025-08-10T14:37:30","guid":{"rendered":"https:\/\/bikersfestival.be\/decouvrez-le-caractere-de-benelli-au-bikersfestival-a-spa-authentique-et-pret-pour-laction\/"},"modified":"2025-08-19T17:52:57","modified_gmt":"2025-08-19T15:52:57","slug":"decouvrez-le-caractere-de-benelli-au-bikersfestival-a-spa-authentique-et-pret-pour-laction","status":"publish","type":"post","link":"https:\/\/bikersfestival.be\/de\/decouvrez-le-caractere-de-benelli-au-bikersfestival-a-spa-authentique-et-pret-pour-laction\/","title":{"rendered":"Entdecke den Charakter von Benelli auf dem Bikers\u2019Festival in Spa \u2013 Authentisch und bereit f\u00fcr Action"},"content":{"rendered":"\n<p><strong>Benelli pr\u00e4sentiert seine einzigartige Modellpalette<\/strong><strong><\/strong><\/p>\n\n\n\n<p>Am 16. und 17. August l\u00e4dt Benelli zum Bikers\u2019Festival auf dem Circuit von Spa-Francorchamps ein. Dort zeigt die Marke ihre einzigartige Kombination aus italienischem Stil, moderner Technik und starkem Preis-Leistungs-Verh\u00e4ltnis \u2013 und l\u00e4sst sie vor allem erlebbar werden.<\/p>\n\n\n\n<p>Von klassisch inspirierten Singles \u00fcber robuste Adventure-Bikes bis hin zu modernen Nakeds \u2013 Benelli bietet f\u00fcr jeden Fahrertyp ein unverwechselbares Motorrad-Erlebnis. Entdecke die Marke, die das authentische Motorradfahren neu definiert.<\/p>\n\n\n\n<p><strong>Adventure<\/strong><br>Gebaut f\u00fcr Abenteuer, Komfort und Charakter.<br>Die TRK-Reihe richtet sich an alle, die gerne reisen, Abwechslung lieben und Kontrolle sch\u00e4tzen. Stilvoll, robust und gemacht f\u00fcr Kurven und lange Strecken.<br>Verf\u00fcgbare Modelle:<\/p>\n\n\n\n<ul class=\"wp-block-list\">\n<li>TRK 702<\/li>\n\n\n\n<li>TRK 702 X<\/li>\n<\/ul>\n\n\n\n<p><strong>Street &amp; Scrambler<\/strong><br>Italienisches Design, moderne Technik und echtes Fahrgef\u00fchl.<br>Die Leoncino 800 und Trail vereinen die Kraft eines Naked Bikes mit dem Look eines Scramblers. Markantes Design, spritzige Leistung und viel Charakter machen sie zu echten Fahrmaschinen.<br>Verf\u00fcgbare Modelle:<\/p>\n\n\n\n<ul class=\"wp-block-list\">\n<li>Leoncino 800<\/li>\n\n\n\n<li>Leoncino 800 Trail<\/li>\n<\/ul>\n\n\n\n<p><strong>Classic<\/strong><br>Retro-Look, moderne Zuverl\u00e4ssigkeit.<br>Die Imperiale 400 erinnert an vergangene Zeiten, bietet aber heutigen Komfort. F\u00fcr alle, die entspannt und stilvoll cruisen wollen.<br>Verf\u00fcgbares Modell:<\/p>\n\n\n\n<ul class=\"wp-block-list\">\n<li>Imperiale 400<\/li>\n<\/ul>\n\n\n\n<p><strong>Sport<\/strong><br>Kompakt, agil und sportlich.<br>Die Tornado 550 ist das sportliche Highlight der Benelli-Familie. Leicht, direkt und ideal f\u00fcr dynamisches Fahren mit sportlicher Note.<br>Verf\u00fcgbares Modell:<\/p>\n\n\n\n<ul class=\"wp-block-list\">\n<li>Tornado 550<\/li>\n<\/ul>\n\n\n\n<p><strong>Darum solltest du Benelli in Spa testen<\/strong><\/p>\n\n\n\n<ul class=\"wp-block-list\">\n<li>Italienisches Design mit starkem Charakter<\/li>\n\n\n\n<li>Komplettes Modellangebot: Adventure, Naked, Retro und Sport<\/li>\n\n\n\n<li>Zug\u00e4nglich und dennoch leistungsstark<\/li>\n\n\n\n<li>Testfahrten in einzigartiger Kulisse auf Europas sch\u00f6nster Rennstrecke<\/li>\n<\/ul>\n\n\n\n<p>Melde dich jetzt an und erlebe Benelli, wie es gedacht ist.<br>Wir sehen uns in Spa \u2013 dort, wo Stil auf Abenteuer trifft.<\/p>\n\n\n\n<p><\/p>\n","protected":false},"excerpt":{"rendered":"<p>Benelli pr\u00e4sentiert seine einzigartige Modellpalette Am 16. und 17. August l\u00e4dt Benelli zum Bikers\u2019Festival auf dem Circuit von Spa-Francorchamps ein. [&hellip;]<\/p>\n","protected":false},"author":2,"featured_media":12663,"comment_status":"closed","ping_status":"open","sticky":false,"template":"","format":"standard","meta":{"_acf_changed":false,"footnotes":""},"categories":[135],"tags":[],"class_list":["post-12688","post","type-post","status-publish","format-standard","has-post-thumbnail","hentry","category-edition-2025-de"],"acf":{"vhrs":false,"show_group":false},"yoast_head":"<!-- This site is optimized with the Yoast SEO plugin v27.5 - https:\/\/yoast.com\/product\/yoast-seo-wordpress\/ -->\n<title>Entdecke den Charakter von Benelli auf dem Bikers\u2019Festival in Spa \u2013 Authentisch und bereit f\u00fcr Action - Bikers&#039;Festival<\/title>\n<meta name=\"robots\" content=\"index, follow, max-snippet:-1, max-image-preview:large, max-video-preview:-1\" \/>\n<link rel=\"canonical\" href=\"https:\/\/bikersfestival.be\/de\/decouvrez-le-caractere-de-benelli-au-bikersfestival-a-spa-authentique-et-pret-pour-laction\/\" \/>\n<meta property=\"og:locale\" content=\"de_DE\" \/>\n<meta property=\"og:type\" content=\"article\" \/>\n<meta property=\"og:title\" content=\"Entdecke den Charakter von Benelli auf dem Bikers\u2019Festival in Spa \u2013 Authentisch und bereit f\u00fcr Action - Bikers&#039;Festival\" \/>\n<meta property=\"og:description\" content=\"Benelli pr\u00e4sentiert seine einzigartige Modellpalette Am 16. und 17. August l\u00e4dt Benelli zum Bikers\u2019Festival auf dem Circuit von Spa-Francorchamps ein. [&hellip;]\" \/>\n<meta property=\"og:url\" content=\"https:\/\/bikersfestival.be\/de\/decouvrez-le-caractere-de-benelli-au-bikersfestival-a-spa-authentique-et-pret-pour-laction\/\" \/>\n<meta property=\"og:site_name\" content=\"Bikers&#039;Festival\" \/>\n<meta property=\"article:published_time\" content=\"2025-08-10T14:37:30+00:00\" \/>\n<meta property=\"article:modified_time\" content=\"2025-08-19T15:52:57+00:00\" \/>\n<meta property=\"og:image\" content=\"https:\/\/bikersfestival.be\/wp-content\/uploads\/sites\/20\/Ben_TRK_702_X_M3_action_56-rgb-scaled.jpg\" \/>\n\t<meta property=\"og:image:width\" content=\"2560\" \/>\n\t<meta property=\"og:image:height\" content=\"1488\" \/>\n\t<meta property=\"og:image:type\" content=\"image\/jpeg\" \/>\n<meta name=\"author\" content=\"client\" \/>\n<meta name=\"twitter:card\" content=\"summary_large_image\" \/>\n<meta name=\"twitter:label1\" content=\"Verfasst von\" \/>\n\t<meta name=\"twitter:data1\" content=\"client\" \/>\n\t<meta name=\"twitter:label2\" content=\"Gesch\u00e4tzte Lesezeit\" \/>\n\t<meta name=\"twitter:data2\" content=\"2\u00a0Minuten\" \/>\n<script type=\"application\/ld+json\" class=\"yoast-schema-graph\">{\"@context\":\"https:\\\/\\\/schema.org\",\"@graph\":[{\"@type\":\"Article\",\"@id\":\"https:\\\/\\\/bikersfestival.be\\\/de\\\/decouvrez-le-caractere-de-benelli-au-bikersfestival-a-spa-authentique-et-pret-pour-laction\\\/#article\",\"isPartOf\":{\"@id\":\"https:\\\/\\\/bikersfestival.be\\\/de\\\/decouvrez-le-caractere-de-benelli-au-bikersfestival-a-spa-authentique-et-pret-pour-laction\\\/\"},\"author\":{\"name\":\"client\",\"@id\":\"https:\\\/\\\/bikersfestival.be\\\/#\\\/schema\\\/person\\\/f869f197289e6a86361c833c1d0d95b5\"},\"headline\":\"Entdecke den Charakter von Benelli auf dem Bikers\u2019Festival in Spa \u2013 Authentisch und bereit f\u00fcr Action\",\"datePublished\":\"2025-08-10T14:37:30+00:00\",\"dateModified\":\"2025-08-19T15:52:57+00:00\",\"mainEntityOfPage\":{\"@id\":\"https:\\\/\\\/bikersfestival.be\\\/de\\\/decouvrez-le-caractere-de-benelli-au-bikersfestival-a-spa-authentique-et-pret-pour-laction\\\/\"},\"wordCount\":286,\"image\":{\"@id\":\"https:\\\/\\\/bikersfestival.be\\\/de\\\/decouvrez-le-caractere-de-benelli-au-bikersfestival-a-spa-authentique-et-pret-pour-laction\\\/#primaryimage\"},\"thumbnailUrl\":\"https:\\\/\\\/bikersfestival.be\\\/wp-content\\\/uploads\\\/sites\\\/20\\\/Ben_TRK_702_X_M3_action_56-rgb-scaled.jpg\",\"articleSection\":[\"Edition 2025\"],\"inLanguage\":\"de\"},{\"@type\":\"WebPage\",\"@id\":\"https:\\\/\\\/bikersfestival.be\\\/de\\\/decouvrez-le-caractere-de-benelli-au-bikersfestival-a-spa-authentique-et-pret-pour-laction\\\/\",\"url\":\"https:\\\/\\\/bikersfestival.be\\\/de\\\/decouvrez-le-caractere-de-benelli-au-bikersfestival-a-spa-authentique-et-pret-pour-laction\\\/\",\"name\":\"Entdecke den Charakter von Benelli auf dem Bikers\u2019Festival in Spa \u2013 Authentisch und bereit f\u00fcr Action - Bikers&#039;Festival\",\"isPartOf\":{\"@id\":\"https:\\\/\\\/bikersfestival.be\\\/#website\"},\"primaryImageOfPage\":{\"@id\":\"https:\\\/\\\/bikersfestival.be\\\/de\\\/decouvrez-le-caractere-de-benelli-au-bikersfestival-a-spa-authentique-et-pret-pour-laction\\\/#primaryimage\"},\"image\":{\"@id\":\"https:\\\/\\\/bikersfestival.be\\\/de\\\/decouvrez-le-caractere-de-benelli-au-bikersfestival-a-spa-authentique-et-pret-pour-laction\\\/#primaryimage\"},\"thumbnailUrl\":\"https:\\\/\\\/bikersfestival.be\\\/wp-content\\\/uploads\\\/sites\\\/20\\\/Ben_TRK_702_X_M3_action_56-rgb-scaled.jpg\",\"datePublished\":\"2025-08-10T14:37:30+00:00\",\"dateModified\":\"2025-08-19T15:52:57+00:00\",\"author\":{\"@id\":\"https:\\\/\\\/bikersfestival.be\\\/#\\\/schema\\\/person\\\/f869f197289e6a86361c833c1d0d95b5\"},\"breadcrumb\":{\"@id\":\"https:\\\/\\\/bikersfestival.be\\\/de\\\/decouvrez-le-caractere-de-benelli-au-bikersfestival-a-spa-authentique-et-pret-pour-laction\\\/#breadcrumb\"},\"inLanguage\":\"de\",\"potentialAction\":[{\"@type\":\"ReadAction\",\"target\":[\"https:\\\/\\\/bikersfestival.be\\\/de\\\/decouvrez-le-caractere-de-benelli-au-bikersfestival-a-spa-authentique-et-pret-pour-laction\\\/\"]}]},{\"@type\":\"ImageObject\",\"inLanguage\":\"de\",\"@id\":\"https:\\\/\\\/bikersfestival.be\\\/de\\\/decouvrez-le-caractere-de-benelli-au-bikersfestival-a-spa-authentique-et-pret-pour-laction\\\/#primaryimage\",\"url\":\"https:\\\/\\\/bikersfestival.be\\\/wp-content\\\/uploads\\\/sites\\\/20\\\/Ben_TRK_702_X_M3_action_56-rgb-scaled.jpg\",\"contentUrl\":\"https:\\\/\\\/bikersfestival.be\\\/wp-content\\\/uploads\\\/sites\\\/20\\\/Ben_TRK_702_X_M3_action_56-rgb-scaled.jpg\",\"width\":2560,\"height\":1488},{\"@type\":\"BreadcrumbList\",\"@id\":\"https:\\\/\\\/bikersfestival.be\\\/de\\\/decouvrez-le-caractere-de-benelli-au-bikersfestival-a-spa-authentique-et-pret-pour-laction\\\/#breadcrumb\",\"itemListElement\":[{\"@type\":\"ListItem\",\"position\":1,\"name\":\"Accueil\",\"item\":\"https:\\\/\\\/bikersfestival.be\\\/de\\\/\"},{\"@type\":\"ListItem\",\"position\":2,\"name\":\"Entdecke den Charakter von Benelli auf dem Bikers\u2019Festival in Spa \u2013 Authentisch und bereit f\u00fcr Action\"}]},{\"@type\":\"WebSite\",\"@id\":\"https:\\\/\\\/bikersfestival.be\\\/#website\",\"url\":\"https:\\\/\\\/bikersfestival.be\\\/\",\"name\":\"Bikers&#039;Festival\",\"description\":\"\",\"potentialAction\":[{\"@type\":\"SearchAction\",\"target\":{\"@type\":\"EntryPoint\",\"urlTemplate\":\"https:\\\/\\\/bikersfestival.be\\\/?s={search_term_string}\"},\"query-input\":{\"@type\":\"PropertyValueSpecification\",\"valueRequired\":true,\"valueName\":\"search_term_string\"}}],\"inLanguage\":\"de\"},{\"@type\":\"Person\",\"@id\":\"https:\\\/\\\/bikersfestival.be\\\/#\\\/schema\\\/person\\\/f869f197289e6a86361c833c1d0d95b5\",\"name\":\"client\",\"image\":{\"@type\":\"ImageObject\",\"inLanguage\":\"de\",\"@id\":\"https:\\\/\\\/secure.gravatar.com\\\/avatar\\\/d0de661745071daff296a69510a88dd6ff40167a4a7f4158f09a3680fab567f6?s=96&d=mm&r=g\",\"url\":\"https:\\\/\\\/secure.gravatar.com\\\/avatar\\\/d0de661745071daff296a69510a88dd6ff40167a4a7f4158f09a3680fab567f6?s=96&d=mm&r=g\",\"contentUrl\":\"https:\\\/\\\/secure.gravatar.com\\\/avatar\\\/d0de661745071daff296a69510a88dd6ff40167a4a7f4158f09a3680fab567f6?s=96&d=mm&r=g\",\"caption\":\"client\"}}]}<\/script>\n<!-- \/ Yoast SEO plugin. -->","yoast_head_json":{"title":"Entdecke den Charakter von Benelli auf dem Bikers\u2019Festival in Spa \u2013 Authentisch und bereit f\u00fcr Action - Bikers&#039;Festival","robots":{"index":"index","follow":"follow","max-snippet":"max-snippet:-1","max-image-preview":"max-image-preview:large","max-video-preview":"max-video-preview:-1"},"canonical":"https:\/\/bikersfestival.be\/de\/decouvrez-le-caractere-de-benelli-au-bikersfestival-a-spa-authentique-et-pret-pour-laction\/","og_locale":"de_DE","og_type":"article","og_title":"Entdecke den Charakter von Benelli auf dem Bikers\u2019Festival in Spa \u2013 Authentisch und bereit f\u00fcr Action - Bikers&#039;Festival","og_description":"Benelli pr\u00e4sentiert seine einzigartige Modellpalette Am 16. und 17. August l\u00e4dt Benelli zum Bikers\u2019Festival auf dem Circuit von Spa-Francorchamps ein. [&hellip;]","og_url":"https:\/\/bikersfestival.be\/de\/decouvrez-le-caractere-de-benelli-au-bikersfestival-a-spa-authentique-et-pret-pour-laction\/","og_site_name":"Bikers&#039;Festival","article_published_time":"2025-08-10T14:37:30+00:00","article_modified_time":"2025-08-19T15:52:57+00:00","og_image":[{"width":2560,"height":1488,"url":"https:\/\/bikersfestival.be\/wp-content\/uploads\/sites\/20\/Ben_TRK_702_X_M3_action_56-rgb-scaled.jpg","type":"image\/jpeg"}],"author":"client","twitter_card":"summary_large_image","twitter_misc":{"Verfasst von":"client","Gesch\u00e4tzte Lesezeit":"2\u00a0Minuten"},"schema":{"@context":"https:\/\/schema.org","@graph":[{"@type":"Article","@id":"https:\/\/bikersfestival.be\/de\/decouvrez-le-caractere-de-benelli-au-bikersfestival-a-spa-authentique-et-pret-pour-laction\/#article","isPartOf":{"@id":"https:\/\/bikersfestival.be\/de\/decouvrez-le-caractere-de-benelli-au-bikersfestival-a-spa-authentique-et-pret-pour-laction\/"},"author":{"name":"client","@id":"https:\/\/bikersfestival.be\/#\/schema\/person\/f869f197289e6a86361c833c1d0d95b5"},"headline":"Entdecke den Charakter von Benelli auf dem Bikers\u2019Festival in Spa \u2013 Authentisch und bereit f\u00fcr Action","datePublished":"2025-08-10T14:37:30+00:00","dateModified":"2025-08-19T15:52:57+00:00","mainEntityOfPage":{"@id":"https:\/\/bikersfestival.be\/de\/decouvrez-le-caractere-de-benelli-au-bikersfestival-a-spa-authentique-et-pret-pour-laction\/"},"wordCount":286,"image":{"@id":"https:\/\/bikersfestival.be\/de\/decouvrez-le-caractere-de-benelli-au-bikersfestival-a-spa-authentique-et-pret-pour-laction\/#primaryimage"},"thumbnailUrl":"https:\/\/bikersfestival.be\/wp-content\/uploads\/sites\/20\/Ben_TRK_702_X_M3_action_56-rgb-scaled.jpg","articleSection":["Edition 2025"],"inLanguage":"de"},{"@type":"WebPage","@id":"https:\/\/bikersfestival.be\/de\/decouvrez-le-caractere-de-benelli-au-bikersfestival-a-spa-authentique-et-pret-pour-laction\/","url":"https:\/\/bikersfestival.be\/de\/decouvrez-le-caractere-de-benelli-au-bikersfestival-a-spa-authentique-et-pret-pour-laction\/","name":"Entdecke den Charakter von Benelli auf dem Bikers\u2019Festival in Spa \u2013 Authentisch und bereit f\u00fcr Action - Bikers&#039;Festival","isPartOf":{"@id":"https:\/\/bikersfestival.be\/#website"},"primaryImageOfPage":{"@id":"https:\/\/bikersfestival.be\/de\/decouvrez-le-caractere-de-benelli-au-bikersfestival-a-spa-authentique-et-pret-pour-laction\/#primaryimage"},"image":{"@id":"https:\/\/bikersfestival.be\/de\/decouvrez-le-caractere-de-benelli-au-bikersfestival-a-spa-authentique-et-pret-pour-laction\/#primaryimage"},"thumbnailUrl":"https:\/\/bikersfestival.be\/wp-content\/uploads\/sites\/20\/Ben_TRK_702_X_M3_action_56-rgb-scaled.jpg","datePublished":"2025-08-10T14:37:30+00:00","dateModified":"2025-08-19T15:52:57+00:00","author":{"@id":"https:\/\/bikersfestival.be\/#\/schema\/person\/f869f197289e6a86361c833c1d0d95b5"},"breadcrumb":{"@id":"https:\/\/bikersfestival.be\/de\/decouvrez-le-caractere-de-benelli-au-bikersfestival-a-spa-authentique-et-pret-pour-laction\/#breadcrumb"},"inLanguage":"de","potentialAction":[{"@type":"ReadAction","target":["https:\/\/bikersfestival.be\/de\/decouvrez-le-caractere-de-benelli-au-bikersfestival-a-spa-authentique-et-pret-pour-laction\/"]}]},{"@type":"ImageObject","inLanguage":"de","@id":"https:\/\/bikersfestival.be\/de\/decouvrez-le-caractere-de-benelli-au-bikersfestival-a-spa-authentique-et-pret-pour-laction\/#primaryimage","url":"https:\/\/bikersfestival.be\/wp-content\/uploads\/sites\/20\/Ben_TRK_702_X_M3_action_56-rgb-scaled.jpg","contentUrl":"https:\/\/bikersfestival.be\/wp-content\/uploads\/sites\/20\/Ben_TRK_702_X_M3_action_56-rgb-scaled.jpg","width":2560,"height":1488},{"@type":"BreadcrumbList","@id":"https:\/\/bikersfestival.be\/de\/decouvrez-le-caractere-de-benelli-au-bikersfestival-a-spa-authentique-et-pret-pour-laction\/#breadcrumb","itemListElement":[{"@type":"ListItem","position":1,"name":"Accueil","item":"https:\/\/bikersfestival.be\/de\/"},{"@type":"ListItem","position":2,"name":"Entdecke den Charakter von Benelli auf dem Bikers\u2019Festival in Spa \u2013 Authentisch und bereit f\u00fcr Action"}]},{"@type":"WebSite","@id":"https:\/\/bikersfestival.be\/#website","url":"https:\/\/bikersfestival.be\/","name":"Bikers&#039;Festival","description":"","potentialAction":[{"@type":"SearchAction","target":{"@type":"EntryPoint","urlTemplate":"https:\/\/bikersfestival.be\/?s={search_term_string}"},"query-input":{"@type":"PropertyValueSpecification","valueRequired":true,"valueName":"search_term_string"}}],"inLanguage":"de"},{"@type":"Person","@id":"https:\/\/bikersfestival.be\/#\/schema\/person\/f869f197289e6a86361c833c1d0d95b5","name":"client","image":{"@type":"ImageObject","inLanguage":"de","@id":"https:\/\/secure.gravatar.com\/avatar\/d0de661745071daff296a69510a88dd6ff40167a4a7f4158f09a3680fab567f6?s=96&d=mm&r=g","url":"https:\/\/secure.gravatar.com\/avatar\/d0de661745071daff296a69510a88dd6ff40167a4a7f4158f09a3680fab567f6?s=96&d=mm&r=g","contentUrl":"https:\/\/secure.gravatar.com\/avatar\/d0de661745071daff296a69510a88dd6ff40167a4a7f4158f09a3680fab567f6?s=96&d=mm&r=g","caption":"client"}}]}},"_links":{"self":[{"href":"https:\/\/bikersfestival.be\/de\/wp-json\/wp\/v2\/posts\/12688","targetHints":{"allow":["GET"]}}],"collection":[{"href":"https:\/\/bikersfestival.be\/de\/wp-json\/wp\/v2\/posts"}],"about":[{"href":"https:\/\/bikersfestival.be\/de\/wp-json\/wp\/v2\/types\/post"}],"author":[{"embeddable":true,"href":"https:\/\/bikersfestival.be\/de\/wp-json\/wp\/v2\/users\/2"}],"replies":[{"embeddable":true,"href":"https:\/\/bikersfestival.be\/de\/wp-json\/wp\/v2\/comments?post=12688"}],"version-history":[{"count":0,"href":"https:\/\/bikersfestival.be\/de\/wp-json\/wp\/v2\/posts\/12688\/revisions"}],"wp:featuredmedia":[{"embeddable":true,"href":"https:\/\/bikersfestival.be\/de\/wp-json\/wp\/v2\/media\/12663"}],"wp:attachment":[{"href":"https:\/\/bikersfestival.be\/de\/wp-json\/wp\/v2\/media?parent=12688"}],"wp:term":[{"taxonomy":"category","embeddable":true,"href":"https:\/\/bikersfestival.be\/de\/wp-json\/wp\/v2\/categories?post=12688"},{"taxonomy":"post_tag","embeddable":true,"href":"https:\/\/bikersfestival.be\/de\/wp-json\/wp\/v2\/tags?post=12688"}],"curies":[{"name":"wp","href":"https:\/\/api.w.org\/{rel}","templated":true}]}}