{"id":12667,"date":"2025-08-09T16:25:25","date_gmt":"2025-08-09T14:25:25","guid":{"rendered":"https:\/\/bikersfestival.be\/testez-une-suzuki-lors-du-bikersfestival\/"},"modified":"2025-08-19T17:52:50","modified_gmt":"2025-08-19T15:52:50","slug":"testez-une-suzuki-lors-du-bikersfestival","status":"publish","type":"post","link":"https:\/\/bikersfestival.be\/de\/testez-une-suzuki-lors-du-bikersfestival\/","title":{"rendered":"Teste eine Suzuki beim Bikers\u2019Festival in Spa"},"content":{"rendered":"\n<p><strong>Suzuki zeigt volle St\u00e4rke in Spa \u2013 bist du dabei?<\/strong><\/p>\n\n\n\n<p>Am&nbsp;<strong>16. und 17. August<\/strong>&nbsp;steht der legend\u00e4re&nbsp;<strong>Circuit von Spa-Francorchamps<\/strong>&nbsp;ganz im Zeichen des Motorradfahrens.&nbsp;<strong>Suzuki<\/strong>&nbsp;ist mit einer beeindruckenden Auswahl an Testmotorr\u00e4dern vor Ort \u2013 von vielseitigen Allroads bis zu echten Stra\u00dfenmaschinen.<\/p>\n\n\n\n<p>Setz deinen Helm auf, w\u00e4hle dein Traumbike und erlebe, was es hei\u00dft, Suzuki zu fahren. Leistung, Komfort und Zuverl\u00e4ssigkeit vereinen sich in einer Modellpalette, die jede Art von Motorradfahrer anspricht.<\/p>\n\n\n\n<p><strong>Sport &amp; Naked<\/strong><br>Klares Design, schnelle Reaktion und volle Kontrolle.<br>F\u00fcr sportliche Fahrer, die Pr\u00e4zision, Beschleunigung und Adrenalin suchen. Egal ob Einsteiger oder erfahrener Streetfighter-Fan \u2013 Suzuki bietet kompromisslose Performance.<br>Verf\u00fcgbare Modelle:<\/p>\n\n\n\n<ul class=\"wp-block-list\">\n<li>GSX-8R<\/li>\n\n\n\n<li>GSX-8S (A2)<\/li>\n\n\n\n<li>GSX-S1000<\/li>\n\n\n\n<li>GSX-S1000 GT<\/li>\n\n\n\n<li>GSX-S1000 GX<\/li>\n\n\n\n<li>SV650<\/li>\n<\/ul>\n\n\n\n<p><strong>Adventure &amp; Touring<\/strong><br>F\u00fcr lange Strecken, anspruchsvolles Gel\u00e4nde und den Alltag.<br>Die&nbsp;<strong>V-STROM-Baureihe<\/strong>&nbsp;von Suzuki steht f\u00fcr Zuverl\u00e4ssigkeit, Komfort und Vielseitigkeit. Vom zug\u00e4nglichen 800er bis zum leistungsstarken 1050er \u2013 jede V-STROM ist bereit f\u00fcr Abenteuer auf jedem Niveau.<br>Verf\u00fcgbare Modelle:<\/p>\n\n\n\n<ul class=\"wp-block-list\">\n<li>V-STROM 800<\/li>\n\n\n\n<li>V-STROM 800DE<\/li>\n\n\n\n<li>V-STROM 1050<\/li>\n\n\n\n<li>V-STROM 1050DE<\/li>\n<\/ul>\n\n\n\n<p><strong>Warum du Suzuki in Spa testen solltest<\/strong><\/p>\n\n\n\n<ul class=\"wp-block-list\">\n<li>Breites Angebot an Sport-, Naked- und Adventure-Modellen<\/li>\n\n\n\n<li>A2-taugliche und leistungsstarke Maschinen<\/li>\n\n\n\n<li>Testfahrten in einzigartiger Atmosph\u00e4re mit Motorradfans aus ganz Europa<\/li>\n\n\n\n<li>Perfekte Gelegenheit, verschiedene Suzukis direkt zu vergleichen<\/li>\n<\/ul>\n\n\n\n<p><strong>Jetzt anmelden und deine Probefahrt reservieren.<\/strong><br>Wir sehen uns in Spa \u2013 dort, wo dein Suzuki-Erlebnis beginnt.<\/p>\n\n\n\n<p><\/p>\n","protected":false},"excerpt":{"rendered":"<p>Suzuki zeigt volle St\u00e4rke in Spa \u2013 bist du dabei? Am&nbsp;16. und 17. August&nbsp;steht der legend\u00e4re&nbsp;Circuit von Spa-Francorchamps&nbsp;ganz im Zeichen [&hellip;]<\/p>\n","protected":false},"author":2,"featured_media":12663,"comment_status":"closed","ping_status":"open","sticky":false,"template":"","format":"standard","meta":{"_acf_changed":false,"footnotes":""},"categories":[135],"tags":[],"class_list":["post-12667","post","type-post","status-publish","format-standard","has-post-thumbnail","hentry","category-edition-2025-de"],"acf":{"vhrs":false,"show_group":false},"yoast_head":"<!-- This site is optimized with the Yoast SEO plugin v27.5 - https:\/\/yoast.com\/product\/yoast-seo-wordpress\/ -->\n<title>Teste eine Suzuki beim Bikers\u2019Festival in Spa - Bikers&#039;Festival<\/title>\n<meta name=\"robots\" content=\"index, follow, max-snippet:-1, max-image-preview:large, max-video-preview:-1\" \/>\n<link rel=\"canonical\" href=\"https:\/\/bikersfestival.be\/de\/testez-une-suzuki-lors-du-bikersfestival\/\" \/>\n<meta property=\"og:locale\" content=\"de_DE\" \/>\n<meta property=\"og:type\" content=\"article\" \/>\n<meta property=\"og:title\" content=\"Teste eine Suzuki beim Bikers\u2019Festival in Spa - Bikers&#039;Festival\" \/>\n<meta property=\"og:description\" content=\"Suzuki zeigt volle St\u00e4rke in Spa \u2013 bist du dabei? Am&nbsp;16. und 17. August&nbsp;steht der legend\u00e4re&nbsp;Circuit von Spa-Francorchamps&nbsp;ganz im Zeichen [&hellip;]\" \/>\n<meta property=\"og:url\" content=\"https:\/\/bikersfestival.be\/de\/testez-une-suzuki-lors-du-bikersfestival\/\" \/>\n<meta property=\"og:site_name\" content=\"Bikers&#039;Festival\" \/>\n<meta property=\"article:published_time\" content=\"2025-08-09T14:25:25+00:00\" \/>\n<meta property=\"article:modified_time\" content=\"2025-08-19T15:52:50+00:00\" \/>\n<meta property=\"og:image\" content=\"https:\/\/bikersfestival.be\/wp-content\/uploads\/sites\/20\/Ben_TRK_702_X_M3_action_56-rgb-scaled.jpg\" \/>\n\t<meta property=\"og:image:width\" content=\"2560\" \/>\n\t<meta property=\"og:image:height\" content=\"1488\" \/>\n\t<meta property=\"og:image:type\" content=\"image\/jpeg\" \/>\n<meta name=\"author\" content=\"client\" \/>\n<meta name=\"twitter:card\" content=\"summary_large_image\" \/>\n<meta name=\"twitter:label1\" content=\"Verfasst von\" \/>\n\t<meta name=\"twitter:data1\" content=\"client\" \/>\n\t<meta name=\"twitter:label2\" content=\"Gesch\u00e4tzte Lesezeit\" \/>\n\t<meta name=\"twitter:data2\" content=\"2\u00a0Minuten\" \/>\n<script type=\"application\/ld+json\" class=\"yoast-schema-graph\">{\"@context\":\"https:\\\/\\\/schema.org\",\"@graph\":[{\"@type\":\"Article\",\"@id\":\"https:\\\/\\\/bikersfestival.be\\\/de\\\/testez-une-suzuki-lors-du-bikersfestival\\\/#article\",\"isPartOf\":{\"@id\":\"https:\\\/\\\/bikersfestival.be\\\/de\\\/testez-une-suzuki-lors-du-bikersfestival\\\/\"},\"author\":{\"name\":\"client\",\"@id\":\"https:\\\/\\\/bikersfestival.be\\\/#\\\/schema\\\/person\\\/f869f197289e6a86361c833c1d0d95b5\"},\"headline\":\"Teste eine Suzuki beim Bikers\u2019Festival in Spa\",\"datePublished\":\"2025-08-09T14:25:25+00:00\",\"dateModified\":\"2025-08-19T15:52:50+00:00\",\"mainEntityOfPage\":{\"@id\":\"https:\\\/\\\/bikersfestival.be\\\/de\\\/testez-une-suzuki-lors-du-bikersfestival\\\/\"},\"wordCount\":242,\"image\":{\"@id\":\"https:\\\/\\\/bikersfestival.be\\\/de\\\/testez-une-suzuki-lors-du-bikersfestival\\\/#primaryimage\"},\"thumbnailUrl\":\"https:\\\/\\\/bikersfestival.be\\\/wp-content\\\/uploads\\\/sites\\\/20\\\/Ben_TRK_702_X_M3_action_56-rgb-scaled.jpg\",\"articleSection\":[\"Edition 2025\"],\"inLanguage\":\"de\"},{\"@type\":\"WebPage\",\"@id\":\"https:\\\/\\\/bikersfestival.be\\\/de\\\/testez-une-suzuki-lors-du-bikersfestival\\\/\",\"url\":\"https:\\\/\\\/bikersfestival.be\\\/de\\\/testez-une-suzuki-lors-du-bikersfestival\\\/\",\"name\":\"Teste eine Suzuki beim Bikers\u2019Festival in Spa - Bikers&#039;Festival\",\"isPartOf\":{\"@id\":\"https:\\\/\\\/bikersfestival.be\\\/#website\"},\"primaryImageOfPage\":{\"@id\":\"https:\\\/\\\/bikersfestival.be\\\/de\\\/testez-une-suzuki-lors-du-bikersfestival\\\/#primaryimage\"},\"image\":{\"@id\":\"https:\\\/\\\/bikersfestival.be\\\/de\\\/testez-une-suzuki-lors-du-bikersfestival\\\/#primaryimage\"},\"thumbnailUrl\":\"https:\\\/\\\/bikersfestival.be\\\/wp-content\\\/uploads\\\/sites\\\/20\\\/Ben_TRK_702_X_M3_action_56-rgb-scaled.jpg\",\"datePublished\":\"2025-08-09T14:25:25+00:00\",\"dateModified\":\"2025-08-19T15:52:50+00:00\",\"author\":{\"@id\":\"https:\\\/\\\/bikersfestival.be\\\/#\\\/schema\\\/person\\\/f869f197289e6a86361c833c1d0d95b5\"},\"breadcrumb\":{\"@id\":\"https:\\\/\\\/bikersfestival.be\\\/de\\\/testez-une-suzuki-lors-du-bikersfestival\\\/#breadcrumb\"},\"inLanguage\":\"de\",\"potentialAction\":[{\"@type\":\"ReadAction\",\"target\":[\"https:\\\/\\\/bikersfestival.be\\\/de\\\/testez-une-suzuki-lors-du-bikersfestival\\\/\"]}]},{\"@type\":\"ImageObject\",\"inLanguage\":\"de\",\"@id\":\"https:\\\/\\\/bikersfestival.be\\\/de\\\/testez-une-suzuki-lors-du-bikersfestival\\\/#primaryimage\",\"url\":\"https:\\\/\\\/bikersfestival.be\\\/wp-content\\\/uploads\\\/sites\\\/20\\\/Ben_TRK_702_X_M3_action_56-rgb-scaled.jpg\",\"contentUrl\":\"https:\\\/\\\/bikersfestival.be\\\/wp-content\\\/uploads\\\/sites\\\/20\\\/Ben_TRK_702_X_M3_action_56-rgb-scaled.jpg\",\"width\":2560,\"height\":1488},{\"@type\":\"BreadcrumbList\",\"@id\":\"https:\\\/\\\/bikersfestival.be\\\/de\\\/testez-une-suzuki-lors-du-bikersfestival\\\/#breadcrumb\",\"itemListElement\":[{\"@type\":\"ListItem\",\"position\":1,\"name\":\"Accueil\",\"item\":\"https:\\\/\\\/bikersfestival.be\\\/de\\\/\"},{\"@type\":\"ListItem\",\"position\":2,\"name\":\"Teste eine Suzuki beim Bikers\u2019Festival in Spa\"}]},{\"@type\":\"WebSite\",\"@id\":\"https:\\\/\\\/bikersfestival.be\\\/#website\",\"url\":\"https:\\\/\\\/bikersfestival.be\\\/\",\"name\":\"Bikers&#039;Festival\",\"description\":\"\",\"potentialAction\":[{\"@type\":\"SearchAction\",\"target\":{\"@type\":\"EntryPoint\",\"urlTemplate\":\"https:\\\/\\\/bikersfestival.be\\\/?s={search_term_string}\"},\"query-input\":{\"@type\":\"PropertyValueSpecification\",\"valueRequired\":true,\"valueName\":\"search_term_string\"}}],\"inLanguage\":\"de\"},{\"@type\":\"Person\",\"@id\":\"https:\\\/\\\/bikersfestival.be\\\/#\\\/schema\\\/person\\\/f869f197289e6a86361c833c1d0d95b5\",\"name\":\"client\",\"image\":{\"@type\":\"ImageObject\",\"inLanguage\":\"de\",\"@id\":\"https:\\\/\\\/secure.gravatar.com\\\/avatar\\\/d0de661745071daff296a69510a88dd6ff40167a4a7f4158f09a3680fab567f6?s=96&d=mm&r=g\",\"url\":\"https:\\\/\\\/secure.gravatar.com\\\/avatar\\\/d0de661745071daff296a69510a88dd6ff40167a4a7f4158f09a3680fab567f6?s=96&d=mm&r=g\",\"contentUrl\":\"https:\\\/\\\/secure.gravatar.com\\\/avatar\\\/d0de661745071daff296a69510a88dd6ff40167a4a7f4158f09a3680fab567f6?s=96&d=mm&r=g\",\"caption\":\"client\"}}]}<\/script>\n<!-- \/ Yoast SEO plugin. -->","yoast_head_json":{"title":"Teste eine Suzuki beim Bikers\u2019Festival in Spa - Bikers&#039;Festival","robots":{"index":"index","follow":"follow","max-snippet":"max-snippet:-1","max-image-preview":"max-image-preview:large","max-video-preview":"max-video-preview:-1"},"canonical":"https:\/\/bikersfestival.be\/de\/testez-une-suzuki-lors-du-bikersfestival\/","og_locale":"de_DE","og_type":"article","og_title":"Teste eine Suzuki beim Bikers\u2019Festival in Spa - Bikers&#039;Festival","og_description":"Suzuki zeigt volle St\u00e4rke in Spa \u2013 bist du dabei? Am&nbsp;16. und 17. August&nbsp;steht der legend\u00e4re&nbsp;Circuit von Spa-Francorchamps&nbsp;ganz im Zeichen [&hellip;]","og_url":"https:\/\/bikersfestival.be\/de\/testez-une-suzuki-lors-du-bikersfestival\/","og_site_name":"Bikers&#039;Festival","article_published_time":"2025-08-09T14:25:25+00:00","article_modified_time":"2025-08-19T15:52:50+00:00","og_image":[{"width":2560,"height":1488,"url":"https:\/\/bikersfestival.be\/wp-content\/uploads\/sites\/20\/Ben_TRK_702_X_M3_action_56-rgb-scaled.jpg","type":"image\/jpeg"}],"author":"client","twitter_card":"summary_large_image","twitter_misc":{"Verfasst von":"client","Gesch\u00e4tzte Lesezeit":"2\u00a0Minuten"},"schema":{"@context":"https:\/\/schema.org","@graph":[{"@type":"Article","@id":"https:\/\/bikersfestival.be\/de\/testez-une-suzuki-lors-du-bikersfestival\/#article","isPartOf":{"@id":"https:\/\/bikersfestival.be\/de\/testez-une-suzuki-lors-du-bikersfestival\/"},"author":{"name":"client","@id":"https:\/\/bikersfestival.be\/#\/schema\/person\/f869f197289e6a86361c833c1d0d95b5"},"headline":"Teste eine Suzuki beim Bikers\u2019Festival in Spa","datePublished":"2025-08-09T14:25:25+00:00","dateModified":"2025-08-19T15:52:50+00:00","mainEntityOfPage":{"@id":"https:\/\/bikersfestival.be\/de\/testez-une-suzuki-lors-du-bikersfestival\/"},"wordCount":242,"image":{"@id":"https:\/\/bikersfestival.be\/de\/testez-une-suzuki-lors-du-bikersfestival\/#primaryimage"},"thumbnailUrl":"https:\/\/bikersfestival.be\/wp-content\/uploads\/sites\/20\/Ben_TRK_702_X_M3_action_56-rgb-scaled.jpg","articleSection":["Edition 2025"],"inLanguage":"de"},{"@type":"WebPage","@id":"https:\/\/bikersfestival.be\/de\/testez-une-suzuki-lors-du-bikersfestival\/","url":"https:\/\/bikersfestival.be\/de\/testez-une-suzuki-lors-du-bikersfestival\/","name":"Teste eine Suzuki beim Bikers\u2019Festival in Spa - Bikers&#039;Festival","isPartOf":{"@id":"https:\/\/bikersfestival.be\/#website"},"primaryImageOfPage":{"@id":"https:\/\/bikersfestival.be\/de\/testez-une-suzuki-lors-du-bikersfestival\/#primaryimage"},"image":{"@id":"https:\/\/bikersfestival.be\/de\/testez-une-suzuki-lors-du-bikersfestival\/#primaryimage"},"thumbnailUrl":"https:\/\/bikersfestival.be\/wp-content\/uploads\/sites\/20\/Ben_TRK_702_X_M3_action_56-rgb-scaled.jpg","datePublished":"2025-08-09T14:25:25+00:00","dateModified":"2025-08-19T15:52:50+00:00","author":{"@id":"https:\/\/bikersfestival.be\/#\/schema\/person\/f869f197289e6a86361c833c1d0d95b5"},"breadcrumb":{"@id":"https:\/\/bikersfestival.be\/de\/testez-une-suzuki-lors-du-bikersfestival\/#breadcrumb"},"inLanguage":"de","potentialAction":[{"@type":"ReadAction","target":["https:\/\/bikersfestival.be\/de\/testez-une-suzuki-lors-du-bikersfestival\/"]}]},{"@type":"ImageObject","inLanguage":"de","@id":"https:\/\/bikersfestival.be\/de\/testez-une-suzuki-lors-du-bikersfestival\/#primaryimage","url":"https:\/\/bikersfestival.be\/wp-content\/uploads\/sites\/20\/Ben_TRK_702_X_M3_action_56-rgb-scaled.jpg","contentUrl":"https:\/\/bikersfestival.be\/wp-content\/uploads\/sites\/20\/Ben_TRK_702_X_M3_action_56-rgb-scaled.jpg","width":2560,"height":1488},{"@type":"BreadcrumbList","@id":"https:\/\/bikersfestival.be\/de\/testez-une-suzuki-lors-du-bikersfestival\/#breadcrumb","itemListElement":[{"@type":"ListItem","position":1,"name":"Accueil","item":"https:\/\/bikersfestival.be\/de\/"},{"@type":"ListItem","position":2,"name":"Teste eine Suzuki beim Bikers\u2019Festival in Spa"}]},{"@type":"WebSite","@id":"https:\/\/bikersfestival.be\/#website","url":"https:\/\/bikersfestival.be\/","name":"Bikers&#039;Festival","description":"","potentialAction":[{"@type":"SearchAction","target":{"@type":"EntryPoint","urlTemplate":"https:\/\/bikersfestival.be\/?s={search_term_string}"},"query-input":{"@type":"PropertyValueSpecification","valueRequired":true,"valueName":"search_term_string"}}],"inLanguage":"de"},{"@type":"Person","@id":"https:\/\/bikersfestival.be\/#\/schema\/person\/f869f197289e6a86361c833c1d0d95b5","name":"client","image":{"@type":"ImageObject","inLanguage":"de","@id":"https:\/\/secure.gravatar.com\/avatar\/d0de661745071daff296a69510a88dd6ff40167a4a7f4158f09a3680fab567f6?s=96&d=mm&r=g","url":"https:\/\/secure.gravatar.com\/avatar\/d0de661745071daff296a69510a88dd6ff40167a4a7f4158f09a3680fab567f6?s=96&d=mm&r=g","contentUrl":"https:\/\/secure.gravatar.com\/avatar\/d0de661745071daff296a69510a88dd6ff40167a4a7f4158f09a3680fab567f6?s=96&d=mm&r=g","caption":"client"}}]}},"_links":{"self":[{"href":"https:\/\/bikersfestival.be\/de\/wp-json\/wp\/v2\/posts\/12667","targetHints":{"allow":["GET"]}}],"collection":[{"href":"https:\/\/bikersfestival.be\/de\/wp-json\/wp\/v2\/posts"}],"about":[{"href":"https:\/\/bikersfestival.be\/de\/wp-json\/wp\/v2\/types\/post"}],"author":[{"embeddable":true,"href":"https:\/\/bikersfestival.be\/de\/wp-json\/wp\/v2\/users\/2"}],"replies":[{"embeddable":true,"href":"https:\/\/bikersfestival.be\/de\/wp-json\/wp\/v2\/comments?post=12667"}],"version-history":[{"count":0,"href":"https:\/\/bikersfestival.be\/de\/wp-json\/wp\/v2\/posts\/12667\/revisions"}],"wp:featuredmedia":[{"embeddable":true,"href":"https:\/\/bikersfestival.be\/de\/wp-json\/wp\/v2\/media\/12663"}],"wp:attachment":[{"href":"https:\/\/bikersfestival.be\/de\/wp-json\/wp\/v2\/media?parent=12667"}],"wp:term":[{"taxonomy":"category","embeddable":true,"href":"https:\/\/bikersfestival.be\/de\/wp-json\/wp\/v2\/categories?post=12667"},{"taxonomy":"post_tag","embeddable":true,"href":"https:\/\/bikersfestival.be\/de\/wp-json\/wp\/v2\/tags?post=12667"}],"curies":[{"name":"wp","href":"https:\/\/api.w.org\/{rel}","templated":true}]}}